{"id":278,"name":"Marcela Buchaim","url":"","description":"Especialista em tricologia e terapia capilar, respons\u00e1vel pela idealiza\u00e7\u00e3o do Spa do Cabelo.","link":"https:\/\/www.belezanaweb.com.br\/loucas-por-beleza\/experts\/marcela-buchaim\/","slug":"marcela-buchaim","avatar_urls":{"24":"https:\/\/secure.gravatar.com\/avatar\/208f18c4757878bff2562045679f370f105428fd27f375f3d744a22a971b2bd7?s=24&d=blank&r=g","48":"https:\/\/secure.gravatar.com\/avatar\/208f18c4757878bff2562045679f370f105428fd27f375f3d744a22a971b2bd7?s=48&d=blank&r=g","96":"https:\/\/secure.gravatar.com\/avatar\/208f18c4757878bff2562045679f370f105428fd27f375f3d744a22a971b2bd7?s=96&d=blank&r=g"},"meta":{"web_stories_tracking_optin":false,"web_stories_media_optimization":true,"web_stories_onboarding":[]},"yoast_head":"<!-- This site is optimized with the Yoast SEO Premium plugin v26.3 (Yoast SEO v27.5) - https:\/\/yoast.com\/product\/yoast-seo-premium-wordpress\/ -->\n<title>Marcela Buchaim, Expert em Beleza na Web<\/title>\n<meta name=\"robots\" content=\"index, follow, max-snippet:-1, max-image-preview:large, max-video-preview:-1\" \/>\n<link rel=\"canonical\" href=\"https:\/\/www.belezanaweb.com.br\/loucas-por-beleza\/experts\/marcela-buchaim\/\" \/>\n<meta property=\"og:locale\" content=\"pt_BR\" \/>\n<meta property=\"og:type\" content=\"profile\" \/>\n<meta property=\"og:title\" content=\"Marcela Buchaim\" \/>\n<meta property=\"og:url\" content=\"https:\/\/www.belezanaweb.com.br\/loucas-por-beleza\/experts\/marcela-buchaim\/\" \/>\n<meta property=\"og:site_name\" content=\"Beleza na Web\" \/>\n<meta property=\"og:image\" content=\"https:\/\/secure.gravatar.com\/avatar\/51f1117f5ddc03d4be64c932ff73ffc4?s=500&d=blank&r=g\" \/>\n<meta name=\"twitter:card\" content=\"summary_large_image\" \/>\n<script type=\"application\/ld+json\" class=\"yoast-schema-graph\">{\"@context\":\"https:\\\/\\\/schema.org\",\"@graph\":[{\"@type\":\"ProfilePage\",\"@id\":\"https:\\\/\\\/www.belezanaweb.com.br\\\/loucas-por-beleza\\\/experts\\\/marcela-buchaim\\\/\",\"url\":\"https:\\\/\\\/www.belezanaweb.com.br\\\/loucas-por-beleza\\\/experts\\\/marcela-buchaim\\\/\",\"name\":\"Marcela Buchaim, Expert em Beleza na Web\",\"isPartOf\":{\"@id\":\"https:\\\/\\\/www.belezanaweb.com.br\\\/loucas-por-beleza\\\/#website\"},\"breadcrumb\":{\"@id\":\"https:\\\/\\\/www.belezanaweb.com.br\\\/loucas-por-beleza\\\/experts\\\/marcela-buchaim\\\/#breadcrumb\"},\"inLanguage\":\"pt-BR\",\"potentialAction\":[{\"@type\":\"ReadAction\",\"target\":[\"https:\\\/\\\/www.belezanaweb.com.br\\\/loucas-por-beleza\\\/experts\\\/marcela-buchaim\\\/\"]}]},{\"@type\":\"BreadcrumbList\",\"@id\":\"https:\\\/\\\/www.belezanaweb.com.br\\\/loucas-por-beleza\\\/experts\\\/marcela-buchaim\\\/#breadcrumb\",\"itemListElement\":[{\"@type\":\"ListItem\",\"position\":1,\"name\":\"In\u00edcio\",\"item\":\"https:\\\/\\\/www.belezanaweb.com.br\\\/loucas-por-beleza\\\/\"},{\"@type\":\"ListItem\",\"position\":2,\"name\":\"Arquivos para Marcela Buchaim\"}]},{\"@type\":\"WebSite\",\"@id\":\"https:\\\/\\\/www.belezanaweb.com.br\\\/loucas-por-beleza\\\/#website\",\"url\":\"https:\\\/\\\/www.belezanaweb.com.br\\\/loucas-por-beleza\\\/\",\"name\":\"Beleza na Web\",\"description\":\"Loucas por Beleza \u00e9 o portal de conte\u00fado da Beleza na Web e traz guias, not\u00edcias e dicas dos experts sobre cabelo, maquiagem, perfumes e mais!\",\"publisher\":{\"@id\":\"https:\\\/\\\/www.belezanaweb.com.br\\\/loucas-por-beleza\\\/#organization\"},\"potentialAction\":[{\"@type\":\"SearchAction\",\"target\":{\"@type\":\"EntryPoint\",\"urlTemplate\":\"https:\\\/\\\/www.belezanaweb.com.br\\\/loucas-por-beleza\\\/?s={search_term_string}\"},\"query-input\":{\"@type\":\"PropertyValueSpecification\",\"valueRequired\":true,\"valueName\":\"search_term_string\"}}],\"inLanguage\":\"pt-BR\"},{\"@type\":\"Organization\",\"@id\":\"https:\\\/\\\/www.belezanaweb.com.br\\\/loucas-por-beleza\\\/#organization\",\"name\":\"Loucas por Beleza\",\"url\":\"https:\\\/\\\/www.belezanaweb.com.br\\\/loucas-por-beleza\\\/\",\"logo\":{\"@type\":\"ImageObject\",\"inLanguage\":\"pt-BR\",\"@id\":\"https:\\\/\\\/www.belezanaweb.com.br\\\/loucas-por-beleza\\\/#\\\/schema\\\/logo\\\/image\\\/\",\"url\":\"https:\\\/\\\/loucas.belezanaweb.com.br\\\/content\\\/uploads\\\/sites\\\/1\\\/2016\\\/08\\\/logo-loucas-por-beleza.png\",\"contentUrl\":\"https:\\\/\\\/loucas.belezanaweb.com.br\\\/content\\\/uploads\\\/sites\\\/1\\\/2016\\\/08\\\/logo-loucas-por-beleza.png\",\"width\":1000,\"height\":1000,\"caption\":\"Loucas por Beleza\"},\"image\":{\"@id\":\"https:\\\/\\\/www.belezanaweb.com.br\\\/loucas-por-beleza\\\/#\\\/schema\\\/logo\\\/image\\\/\"},\"sameAs\":[\"https:\\\/\\\/www.facebook.com\\\/belezanaweb\",\"https:\\\/\\\/www.tiktok.com\\\/@belezanaweb\"]},{\"@type\":\"Person\",\"@id\":\"https:\\\/\\\/www.belezanaweb.com.br\\\/loucas-por-beleza\\\/#\\\/schema\\\/person\\\/77b28d3cc46214b754ecfb9cb1477204\",\"name\":\"Marcela Buchaim\",\"image\":{\"@type\":\"ImageObject\",\"inLanguage\":\"pt-BR\",\"@id\":\"https:\\\/\\\/secure.gravatar.com\\\/avatar\\\/208f18c4757878bff2562045679f370f105428fd27f375f3d744a22a971b2bd7?s=96&d=blank&r=g\",\"url\":\"https:\\\/\\\/secure.gravatar.com\\\/avatar\\\/208f18c4757878bff2562045679f370f105428fd27f375f3d744a22a971b2bd7?s=96&d=blank&r=g\",\"contentUrl\":\"https:\\\/\\\/secure.gravatar.com\\\/avatar\\\/208f18c4757878bff2562045679f370f105428fd27f375f3d744a22a971b2bd7?s=96&d=blank&r=g\",\"caption\":\"Marcela Buchaim\"},\"description\":\"Especialista em tricologia e terapia capilar, respons\u00e1vel pela idealiza\u00e7\u00e3o do Spa do Cabelo.\",\"sameAs\":[\"https:\\\/\\\/www.instagram.com\\\/dramarcelabuchaim\\\/\"],\"mainEntityOfPage\":{\"@id\":\"https:\\\/\\\/www.belezanaweb.com.br\\\/loucas-por-beleza\\\/experts\\\/marcela-buchaim\\\/\"}}]}<\/script>\n<!-- \/ Yoast SEO Premium plugin. -->","yoast_head_json":{"title":"Marcela Buchaim, Expert em Beleza na Web","robots":{"index":"index","follow":"follow","max-snippet":"max-snippet:-1","max-image-preview":"max-image-preview:large","max-video-preview":"max-video-preview:-1"},"canonical":"https:\/\/www.belezanaweb.com.br\/loucas-por-beleza\/experts\/marcela-buchaim\/","og_locale":"pt_BR","og_type":"profile","og_title":"Marcela Buchaim","og_url":"https:\/\/www.belezanaweb.com.br\/loucas-por-beleza\/experts\/marcela-buchaim\/","og_site_name":"Beleza na Web","og_image":[{"url":"https:\/\/secure.gravatar.com\/avatar\/51f1117f5ddc03d4be64c932ff73ffc4?s=500&d=blank&r=g","type":"","width":"","height":""}],"twitter_card":"summary_large_image","schema":{"@context":"https:\/\/schema.org","@graph":[{"@type":"ProfilePage","@id":"https:\/\/www.belezanaweb.com.br\/loucas-por-beleza\/experts\/marcela-buchaim\/","url":"https:\/\/www.belezanaweb.com.br\/loucas-por-beleza\/experts\/marcela-buchaim\/","name":"Marcela Buchaim, Expert em Beleza na Web","isPartOf":{"@id":"https:\/\/www.belezanaweb.com.br\/loucas-por-beleza\/#website"},"breadcrumb":{"@id":"https:\/\/www.belezanaweb.com.br\/loucas-por-beleza\/experts\/marcela-buchaim\/#breadcrumb"},"inLanguage":"pt-BR","potentialAction":[{"@type":"ReadAction","target":["https:\/\/www.belezanaweb.com.br\/loucas-por-beleza\/experts\/marcela-buchaim\/"]}]},{"@type":"BreadcrumbList","@id":"https:\/\/www.belezanaweb.com.br\/loucas-por-beleza\/experts\/marcela-buchaim\/#breadcrumb","itemListElement":[{"@type":"ListItem","position":1,"name":"In\u00edcio","item":"https:\/\/www.belezanaweb.com.br\/loucas-por-beleza\/"},{"@type":"ListItem","position":2,"name":"Arquivos para Marcela Buchaim"}]},{"@type":"WebSite","@id":"https:\/\/www.belezanaweb.com.br\/loucas-por-beleza\/#website","url":"https:\/\/www.belezanaweb.com.br\/loucas-por-beleza\/","name":"Beleza na Web","description":"Loucas por Beleza \u00e9 o portal de conte\u00fado da Beleza na Web e traz guias, not\u00edcias e dicas dos experts sobre cabelo, maquiagem, perfumes e mais!","publisher":{"@id":"https:\/\/www.belezanaweb.com.br\/loucas-por-beleza\/#organization"},"potentialAction":[{"@type":"SearchAction","target":{"@type":"EntryPoint","urlTemplate":"https:\/\/www.belezanaweb.com.br\/loucas-por-beleza\/?s={search_term_string}"},"query-input":{"@type":"PropertyValueSpecification","valueRequired":true,"valueName":"search_term_string"}}],"inLanguage":"pt-BR"},{"@type":"Organization","@id":"https:\/\/www.belezanaweb.com.br\/loucas-por-beleza\/#organization","name":"Loucas por Beleza","url":"https:\/\/www.belezanaweb.com.br\/loucas-por-beleza\/","logo":{"@type":"ImageObject","inLanguage":"pt-BR","@id":"https:\/\/www.belezanaweb.com.br\/loucas-por-beleza\/#\/schema\/logo\/image\/","url":"https:\/\/loucas.belezanaweb.com.br\/content\/uploads\/sites\/1\/2016\/08\/logo-loucas-por-beleza.png","contentUrl":"https:\/\/loucas.belezanaweb.com.br\/content\/uploads\/sites\/1\/2016\/08\/logo-loucas-por-beleza.png","width":1000,"height":1000,"caption":"Loucas por Beleza"},"image":{"@id":"https:\/\/www.belezanaweb.com.br\/loucas-por-beleza\/#\/schema\/logo\/image\/"},"sameAs":["https:\/\/www.facebook.com\/belezanaweb","https:\/\/www.tiktok.com\/@belezanaweb"]},{"@type":"Person","@id":"https:\/\/www.belezanaweb.com.br\/loucas-por-beleza\/#\/schema\/person\/77b28d3cc46214b754ecfb9cb1477204","name":"Marcela Buchaim","image":{"@type":"ImageObject","inLanguage":"pt-BR","@id":"https:\/\/secure.gravatar.com\/avatar\/208f18c4757878bff2562045679f370f105428fd27f375f3d744a22a971b2bd7?s=96&d=blank&r=g","url":"https:\/\/secure.gravatar.com\/avatar\/208f18c4757878bff2562045679f370f105428fd27f375f3d744a22a971b2bd7?s=96&d=blank&r=g","contentUrl":"https:\/\/secure.gravatar.com\/avatar\/208f18c4757878bff2562045679f370f105428fd27f375f3d744a22a971b2bd7?s=96&d=blank&r=g","caption":"Marcela Buchaim"},"description":"Especialista em tricologia e terapia capilar, respons\u00e1vel pela idealiza\u00e7\u00e3o do Spa do Cabelo.","sameAs":["https:\/\/www.instagram.com\/dramarcelabuchaim\/"],"mainEntityOfPage":{"@id":"https:\/\/www.belezanaweb.com.br\/loucas-por-beleza\/experts\/marcela-buchaim\/"}}]}},"_links":{"self":[{"href":"https:\/\/loucas.belezanaweb.com.br\/wp-json\/wp\/v2\/users\/278","targetHints":{"allow":["GET"]}}],"collection":[{"href":"https:\/\/loucas.belezanaweb.com.br\/wp-json\/wp\/v2\/users"}]}}