{"id":171,"name":"Vanessa Rozan","url":"http:\/\/www.liceudemaquiagem.com.br\/","description":"Formada em Comunica\u00e7\u00e3o Social pela ESPM e em Artes Pl\u00e1sticas pela Escola Panamericana, Vanessa \u00e9 s\u00f3cia-fundadora e professora de automaquiagem e cursos para profissionais do Liceu. Foi maquiadora s\u00eanior da M.A.C Cosmetics por 6 anos, participou de semanas de moda em Paris, Nova Iorque e Mil\u00e3o. Nesse per\u00edodo trabalhou com diversos maquiadores conceituados no Brasil e no mundo, al\u00e9m de assinar desfiles na Semana de Moda de S\u00e3o Paulo e do Rio de Janeiro. \r\n\u00c9 a maquiadora respons\u00e1vel pela marca Vult no Brasil e atualmente assina a beleza de campanhas para grandes nomes da moda brasileira, al\u00e9m de ser a maquiadora oficial do programa \u201cEsquadr\u00e3o da Moda\u201d, transmitido pelo SBT. E tem um canal no Youtube chamado \u201cMeu glitter, minha vida\u201d.","link":"https:\/\/www.belezanaweb.com.br\/loucas-por-beleza\/experts\/vanessa-rozan\/","slug":"vanessa-rozan","avatar_urls":{"24":"https:\/\/secure.gravatar.com\/avatar\/b1ded6c648f09707db1f1c672854c5464f27d5f1328648abd50d7f335e53d201?s=24&d=blank&r=g","48":"https:\/\/secure.gravatar.com\/avatar\/b1ded6c648f09707db1f1c672854c5464f27d5f1328648abd50d7f335e53d201?s=48&d=blank&r=g","96":"https:\/\/secure.gravatar.com\/avatar\/b1ded6c648f09707db1f1c672854c5464f27d5f1328648abd50d7f335e53d201?s=96&d=blank&r=g"},"meta":{"web_stories_tracking_optin":false,"web_stories_media_optimization":true,"web_stories_onboarding":[]},"yoast_head":"<!-- This site is optimized with the Yoast SEO Premium plugin v27.0 (Yoast SEO v27.4) - https:\/\/yoast.com\/product\/yoast-seo-premium-wordpress\/ -->\n<title>Vanessa Rozan, Expert em Beleza na Web<\/title>\n<meta name=\"robots\" content=\"index, follow, max-snippet:-1, max-image-preview:large, max-video-preview:-1\" \/>\n<link rel=\"canonical\" href=\"https:\/\/www.belezanaweb.com.br\/loucas-por-beleza\/experts\/vanessa-rozan\/\" \/>\n<meta property=\"og:locale\" content=\"pt_BR\" \/>\n<meta property=\"og:type\" content=\"profile\" \/>\n<meta property=\"og:title\" content=\"Vanessa Rozan\" \/>\n<meta property=\"og:url\" content=\"https:\/\/www.belezanaweb.com.br\/loucas-por-beleza\/experts\/vanessa-rozan\/\" \/>\n<meta property=\"og:site_name\" content=\"Beleza na Web\" \/>\n<meta property=\"og:image\" content=\"https:\/\/secure.gravatar.com\/avatar\/dacecde82cb405cd29e5ef7d3ae3f4bf?s=500&d=blank&r=g\" \/>\n<meta name=\"twitter:card\" content=\"summary_large_image\" \/>\n<script type=\"application\/ld+json\" class=\"yoast-schema-graph\">{\"@context\":\"https:\\\/\\\/schema.org\",\"@graph\":[{\"@type\":\"ProfilePage\",\"@id\":\"https:\\\/\\\/www.belezanaweb.com.br\\\/loucas-por-beleza\\\/experts\\\/vanessa-rozan\\\/\",\"url\":\"https:\\\/\\\/www.belezanaweb.com.br\\\/loucas-por-beleza\\\/experts\\\/vanessa-rozan\\\/\",\"name\":\"Vanessa Rozan, Expert em Beleza na Web\",\"isPartOf\":{\"@id\":\"https:\\\/\\\/www.belezanaweb.com.br\\\/loucas-por-beleza\\\/#website\"},\"breadcrumb\":{\"@id\":\"https:\\\/\\\/www.belezanaweb.com.br\\\/loucas-por-beleza\\\/experts\\\/vanessa-rozan\\\/#breadcrumb\"},\"inLanguage\":\"pt-BR\",\"potentialAction\":[{\"@type\":\"ReadAction\",\"target\":[\"https:\\\/\\\/www.belezanaweb.com.br\\\/loucas-por-beleza\\\/experts\\\/vanessa-rozan\\\/\"]}]},{\"@type\":\"BreadcrumbList\",\"@id\":\"https:\\\/\\\/www.belezanaweb.com.br\\\/loucas-por-beleza\\\/experts\\\/vanessa-rozan\\\/#breadcrumb\",\"itemListElement\":[{\"@type\":\"ListItem\",\"position\":1,\"name\":\"In\u00edcio\",\"item\":\"https:\\\/\\\/www.belezanaweb.com.br\\\/loucas-por-beleza\\\/\"},{\"@type\":\"ListItem\",\"position\":2,\"name\":\"Arquivos para Vanessa Rozan\"}]},{\"@type\":\"WebSite\",\"@id\":\"https:\\\/\\\/www.belezanaweb.com.br\\\/loucas-por-beleza\\\/#website\",\"url\":\"https:\\\/\\\/www.belezanaweb.com.br\\\/loucas-por-beleza\\\/\",\"name\":\"Beleza na Web\",\"description\":\"Loucas por Beleza \u00e9 o portal de conte\u00fado da Beleza na Web e traz guias, not\u00edcias e dicas dos experts sobre cabelo, maquiagem, perfumes e mais!\",\"publisher\":{\"@id\":\"https:\\\/\\\/www.belezanaweb.com.br\\\/loucas-por-beleza\\\/#organization\"},\"potentialAction\":[{\"@type\":\"SearchAction\",\"target\":{\"@type\":\"EntryPoint\",\"urlTemplate\":\"https:\\\/\\\/www.belezanaweb.com.br\\\/loucas-por-beleza\\\/?s={search_term_string}\"},\"query-input\":{\"@type\":\"PropertyValueSpecification\",\"valueRequired\":true,\"valueName\":\"search_term_string\"}}],\"inLanguage\":\"pt-BR\"},{\"@type\":\"Organization\",\"@id\":\"https:\\\/\\\/www.belezanaweb.com.br\\\/loucas-por-beleza\\\/#organization\",\"name\":\"Loucas por Beleza\",\"url\":\"https:\\\/\\\/www.belezanaweb.com.br\\\/loucas-por-beleza\\\/\",\"logo\":{\"@type\":\"ImageObject\",\"inLanguage\":\"pt-BR\",\"@id\":\"https:\\\/\\\/www.belezanaweb.com.br\\\/loucas-por-beleza\\\/#\\\/schema\\\/logo\\\/image\\\/\",\"url\":\"https:\\\/\\\/loucas.belezanaweb.com.br\\\/content\\\/uploads\\\/sites\\\/1\\\/2016\\\/08\\\/logo-loucas-por-beleza.png\",\"contentUrl\":\"https:\\\/\\\/loucas.belezanaweb.com.br\\\/content\\\/uploads\\\/sites\\\/1\\\/2016\\\/08\\\/logo-loucas-por-beleza.png\",\"width\":1000,\"height\":1000,\"caption\":\"Loucas por Beleza\"},\"image\":{\"@id\":\"https:\\\/\\\/www.belezanaweb.com.br\\\/loucas-por-beleza\\\/#\\\/schema\\\/logo\\\/image\\\/\"},\"sameAs\":[\"https:\\\/\\\/www.facebook.com\\\/belezanaweb\",\"https:\\\/\\\/www.tiktok.com\\\/@belezanaweb\"]},{\"@type\":\"Person\",\"@id\":\"https:\\\/\\\/www.belezanaweb.com.br\\\/loucas-por-beleza\\\/#\\\/schema\\\/person\\\/59482a3376c9e19c5084d73a2fdaf62a\",\"name\":\"Vanessa Rozan\",\"image\":{\"@type\":\"ImageObject\",\"inLanguage\":\"pt-BR\",\"@id\":\"https:\\\/\\\/secure.gravatar.com\\\/avatar\\\/b1ded6c648f09707db1f1c672854c5464f27d5f1328648abd50d7f335e53d201?s=96&d=blank&r=g\",\"url\":\"https:\\\/\\\/secure.gravatar.com\\\/avatar\\\/b1ded6c648f09707db1f1c672854c5464f27d5f1328648abd50d7f335e53d201?s=96&d=blank&r=g\",\"contentUrl\":\"https:\\\/\\\/secure.gravatar.com\\\/avatar\\\/b1ded6c648f09707db1f1c672854c5464f27d5f1328648abd50d7f335e53d201?s=96&d=blank&r=g\",\"caption\":\"Vanessa Rozan\"},\"description\":\"Formada em Comunica\u00e7\u00e3o Social pela ESPM e em Artes Pl\u00e1sticas pela Escola Panamericana, Vanessa \u00e9 s\u00f3cia-fundadora e professora de automaquiagem e cursos para profissionais do Liceu. Foi maquiadora s\u00eanior da M.A.C Cosmetics por 6 anos, participou de semanas de moda em Paris, Nova Iorque e Mil\u00e3o. Nesse per\u00edodo trabalhou com diversos maquiadores conceituados no Brasil e no mundo, al\u00e9m de assinar desfiles na Semana de Moda de S\u00e3o Paulo e do Rio de Janeiro. \u00c9 a maquiadora respons\u00e1vel pela marca Vult no Brasil e atualmente assina a beleza de campanhas para grandes nomes da moda brasileira, al\u00e9m de ser a maquiadora oficial do programa \u201cEsquadr\u00e3o da Moda\u201d, transmitido pelo SBT. E tem um canal no Youtube chamado \u201cMeu glitter, minha vida\u201d.\",\"sameAs\":[\"http:\\\/\\\/www.liceudemaquiagem.com.br\\\/\",\"https:\\\/\\\/www.facebook.com\\\/vanessarozanoficial\\\/\",\"https:\\\/\\\/www.instagram.com\\\/vanessarozan\\\/?hl=pt-br\"],\"mainEntityOfPage\":{\"@id\":\"https:\\\/\\\/www.belezanaweb.com.br\\\/loucas-por-beleza\\\/experts\\\/vanessa-rozan\\\/\"}}]}<\/script>\n<!-- \/ Yoast SEO Premium plugin. -->","yoast_head_json":{"title":"Vanessa Rozan, Expert em Beleza na Web","robots":{"index":"index","follow":"follow","max-snippet":"max-snippet:-1","max-image-preview":"max-image-preview:large","max-video-preview":"max-video-preview:-1"},"canonical":"https:\/\/www.belezanaweb.com.br\/loucas-por-beleza\/experts\/vanessa-rozan\/","og_locale":"pt_BR","og_type":"profile","og_title":"Vanessa Rozan","og_url":"https:\/\/www.belezanaweb.com.br\/loucas-por-beleza\/experts\/vanessa-rozan\/","og_site_name":"Beleza na Web","og_image":[{"url":"https:\/\/secure.gravatar.com\/avatar\/dacecde82cb405cd29e5ef7d3ae3f4bf?s=500&d=blank&r=g","type":"","width":"","height":""}],"twitter_card":"summary_large_image","schema":{"@context":"https:\/\/schema.org","@graph":[{"@type":"ProfilePage","@id":"https:\/\/www.belezanaweb.com.br\/loucas-por-beleza\/experts\/vanessa-rozan\/","url":"https:\/\/www.belezanaweb.com.br\/loucas-por-beleza\/experts\/vanessa-rozan\/","name":"Vanessa Rozan, Expert em Beleza na Web","isPartOf":{"@id":"https:\/\/www.belezanaweb.com.br\/loucas-por-beleza\/#website"},"breadcrumb":{"@id":"https:\/\/www.belezanaweb.com.br\/loucas-por-beleza\/experts\/vanessa-rozan\/#breadcrumb"},"inLanguage":"pt-BR","potentialAction":[{"@type":"ReadAction","target":["https:\/\/www.belezanaweb.com.br\/loucas-por-beleza\/experts\/vanessa-rozan\/"]}]},{"@type":"BreadcrumbList","@id":"https:\/\/www.belezanaweb.com.br\/loucas-por-beleza\/experts\/vanessa-rozan\/#breadcrumb","itemListElement":[{"@type":"ListItem","position":1,"name":"In\u00edcio","item":"https:\/\/www.belezanaweb.com.br\/loucas-por-beleza\/"},{"@type":"ListItem","position":2,"name":"Arquivos para Vanessa Rozan"}]},{"@type":"WebSite","@id":"https:\/\/www.belezanaweb.com.br\/loucas-por-beleza\/#website","url":"https:\/\/www.belezanaweb.com.br\/loucas-por-beleza\/","name":"Beleza na Web","description":"Loucas por Beleza \u00e9 o portal de conte\u00fado da Beleza na Web e traz guias, not\u00edcias e dicas dos experts sobre cabelo, maquiagem, perfumes e mais!","publisher":{"@id":"https:\/\/www.belezanaweb.com.br\/loucas-por-beleza\/#organization"},"potentialAction":[{"@type":"SearchAction","target":{"@type":"EntryPoint","urlTemplate":"https:\/\/www.belezanaweb.com.br\/loucas-por-beleza\/?s={search_term_string}"},"query-input":{"@type":"PropertyValueSpecification","valueRequired":true,"valueName":"search_term_string"}}],"inLanguage":"pt-BR"},{"@type":"Organization","@id":"https:\/\/www.belezanaweb.com.br\/loucas-por-beleza\/#organization","name":"Loucas por Beleza","url":"https:\/\/www.belezanaweb.com.br\/loucas-por-beleza\/","logo":{"@type":"ImageObject","inLanguage":"pt-BR","@id":"https:\/\/www.belezanaweb.com.br\/loucas-por-beleza\/#\/schema\/logo\/image\/","url":"https:\/\/loucas.belezanaweb.com.br\/content\/uploads\/sites\/1\/2016\/08\/logo-loucas-por-beleza.png","contentUrl":"https:\/\/loucas.belezanaweb.com.br\/content\/uploads\/sites\/1\/2016\/08\/logo-loucas-por-beleza.png","width":1000,"height":1000,"caption":"Loucas por Beleza"},"image":{"@id":"https:\/\/www.belezanaweb.com.br\/loucas-por-beleza\/#\/schema\/logo\/image\/"},"sameAs":["https:\/\/www.facebook.com\/belezanaweb","https:\/\/www.tiktok.com\/@belezanaweb"]},{"@type":"Person","@id":"https:\/\/www.belezanaweb.com.br\/loucas-por-beleza\/#\/schema\/person\/59482a3376c9e19c5084d73a2fdaf62a","name":"Vanessa Rozan","image":{"@type":"ImageObject","inLanguage":"pt-BR","@id":"https:\/\/secure.gravatar.com\/avatar\/b1ded6c648f09707db1f1c672854c5464f27d5f1328648abd50d7f335e53d201?s=96&d=blank&r=g","url":"https:\/\/secure.gravatar.com\/avatar\/b1ded6c648f09707db1f1c672854c5464f27d5f1328648abd50d7f335e53d201?s=96&d=blank&r=g","contentUrl":"https:\/\/secure.gravatar.com\/avatar\/b1ded6c648f09707db1f1c672854c5464f27d5f1328648abd50d7f335e53d201?s=96&d=blank&r=g","caption":"Vanessa Rozan"},"description":"Formada em Comunica\u00e7\u00e3o Social pela ESPM e em Artes Pl\u00e1sticas pela Escola Panamericana, Vanessa \u00e9 s\u00f3cia-fundadora e professora de automaquiagem e cursos para profissionais do Liceu. Foi maquiadora s\u00eanior da M.A.C Cosmetics por 6 anos, participou de semanas de moda em Paris, Nova Iorque e Mil\u00e3o. Nesse per\u00edodo trabalhou com diversos maquiadores conceituados no Brasil e no mundo, al\u00e9m de assinar desfiles na Semana de Moda de S\u00e3o Paulo e do Rio de Janeiro. \u00c9 a maquiadora respons\u00e1vel pela marca Vult no Brasil e atualmente assina a beleza de campanhas para grandes nomes da moda brasileira, al\u00e9m de ser a maquiadora oficial do programa \u201cEsquadr\u00e3o da Moda\u201d, transmitido pelo SBT. E tem um canal no Youtube chamado \u201cMeu glitter, minha vida\u201d.","sameAs":["http:\/\/www.liceudemaquiagem.com.br\/","https:\/\/www.facebook.com\/vanessarozanoficial\/","https:\/\/www.instagram.com\/vanessarozan\/?hl=pt-br"],"mainEntityOfPage":{"@id":"https:\/\/www.belezanaweb.com.br\/loucas-por-beleza\/experts\/vanessa-rozan\/"}}]}},"_links":{"self":[{"href":"https:\/\/loucas.belezanaweb.com.br\/wp-json\/wp\/v2\/users\/171","targetHints":{"allow":["GET"]}}],"collection":[{"href":"https:\/\/loucas.belezanaweb.com.br\/wp-json\/wp\/v2\/users"}]}}