{"id":46843,"date":"2019-10-09T09:30:27","date_gmt":"2019-10-09T12:30:27","guid":{"rendered":"https:\/\/www.belezanaweb.com.br\/loucas-por-beleza\/?p=46843"},"modified":"2023-01-26T18:28:43","modified_gmt":"2023-01-26T21:28:43","slug":"como-preparar-o-cabelo-cacheado-para-a-descoloracao","status":"publish","type":"post","link":"https:\/\/www.belezanaweb.com.br\/loucas-por-beleza\/como-preparar-o-cabelo-cacheado-para-a-descoloracao\/","title":{"rendered":"Como preparar o cabelo cacheado para a descolora\u00e7\u00e3o"},"content":{"rendered":"<p>N\u00e3o importa se voc\u00ea deseja somente dar aquela iluminada nos fios ou se jogar de cabe\u00e7a no loir\u00e3o. Quando se trata de descolora\u00e7\u00e3o as <a href=\"https:\/\/www.belezanaweb.com.br\/cabelos\/tipos-de-cabelo\/cacheados-ou-ondulados\/\" target=\"_blank\" rel=\"noopener noreferrer\">cacheadas<\/a> merecem aten\u00e7\u00e3o especial. Isso porque o combo p\u00f3 descolorante, oxidante e papel-alum\u00ednio usado durante o processo de clareamento danifica (e muito!) o cabelo, al\u00e9m de prejudicar a defini\u00e7\u00e3o dos cachos. Para te ajudar a atingir o <a href=\"https:\/\/www.belezanaweb.com.br\/loucas-por-beleza\/duvidas-sobre-cabelo-loiro\/\" target=\"_blank\" rel=\"noopener noreferrer\">loiro dos sonhos<\/a> sem muitos danos, veja as dicas do expert Dougllas Dias.<\/p>\n<div class=\"see-more\"><h4 class=\"see-more-title\"><b class=\"title\">Veja Mais<\/b><\/h4><div class=\"see-more-content\"><a href=\"https:\/\/www.belezanaweb.com.br\/loucas-por-beleza\/corte-de-cabelo-cacheado-com-junior-carvalho\/\">V\u00eddeo: Corte de cabelo cacheado com J\u00fanior Carvalho<\/a> <a href=\"https:\/\/www.belezanaweb.com.br\/loucas-por-beleza\/como-definir-cachos-com-willy-morales\/\" target=\"_blank\" rel=\"noopener noreferrer\">Como definir cachos com Willy Morales<\/a> <a href=\"https:\/\/www.belezanaweb.com.br\/loucas-por-beleza\/5-penteados-para-cabelos-cacheados-e-crespos\/\" target=\"_blank\" rel=\"noopener noreferrer\">5 penteados para cabelos cacheados e crespos<\/a><\/div><\/div>\n<h3>Fa\u00e7a o teste!<\/h3>\n<p>Antes de tomar qualquer decis\u00e3o \u00e9 essencial fazer um teste de mechas e analisar o cabelo por uma semana. \u201cEsse per\u00edodo \u00e9 importante para observar como ele est\u00e1 reagindo ao processo, e tamb\u00e9m, se o cacho perdeu a forma\u201d, explica o hair stylist Dougllas Dias. Assim, o profissional consegue ver o fundo de clareamento e a textura final dos fios.<\/p>\n<p><img width=\"670\" height=\"714\" loading=\"lazy\" decoding=\"async\" class=\"alignnone wp-post-46843 wp-image-46863\" src=\"https:\/\/res.cloudinary.com\/beleza-na-web\/images\/w_670,h_714\/f_auto,q_auto\/v1570656811\/loucas-por-beleza\/como-preparar-o-cabelo-cacheado-para-a-descoloracao\/imagem-como-preparar-o-cabelo-cacheado-para-a-descoloracao\/imagem-como-preparar-o-cabelo-cacheado-para-a-descoloracao.jpg?_i=AA\" data-public-id=\"loucas-por-beleza\/como-preparar-o-cabelo-cacheado-para-a-descoloracao\/imagem-como-preparar-o-cabelo-cacheado-para-a-descoloracao.jpg\" data-format=\"jpg\" data-transformations=\"f_auto,q_auto\" data-version=\"1570656811\" \/><\/p>\n<div class=\"showcase-gondola\"><div class=\"blz-product-block\" data-event='{\"sku\":\"62196\",\"price\":329,\"brand\":\"sebastian-professional\",\"name\":\"Shampoo Sebastian Professional Twisted Elastic Cleanser\",\"category\":\"cabelos\/shampoo\", \"listTitle\":\"blog\",\"showcasePosition\":1,\"showcaseTitle\":\"produtos_relacionados_blog\"}'><a class=\"blz-product-link js-event-product-click\"  href=\"https:\/\/www.belezanaweb.com.br\/sebastian-professional-twisted-elastic-cleanser-shampoo-1l?from=loucas\" onclick=\"javascript:Native.click('https:\/\/www.belezanaweb.com.br\/sebastian-professional-twisted-elastic-cleanser-shampoo-1l')\"><img decoding=\"async\" loading=\"lazy\" class=\"blz-product-pic lazyload\" src=\"data:image\/gif;base64,R0lGODlhAQABAIAAAAAAAP\/\/\/yH5BAEAAAAALAAAAAABAAEAAAIBRAA7\" data-src=\"https:\/\/res.cloudinary.com\/beleza-na-web\/image\/upload\/w_297,f_auto,fl_progressive,q_auto:best\/v1\/imagens\/product\/62196\/e0f90b9b-32a9-40a0-92c6-d4064c7c66b6-sebastian-professional-twisted-elastic-cleanser-shampoo-1000ml.png\" alt=\"Shampoo Sebastian Professional Twisted Elastic Cleanser\" width=\"297\" \/><\/a><div class=\"blz-product-details\" ><p class=\"blz-product-block-title\" ><a class=\"blz-product-link js-event-product-click\"  href=\"https:\/\/www.belezanaweb.com.br\/sebastian-professional-twisted-elastic-cleanser-shampoo-1l?from=loucas\" onclick=\"javascript:Native.click('https:\/\/www.belezanaweb.com.br\/sebastian-professional-twisted-elastic-cleanser-shampoo-1l')\">Shampoo <strong>Sebastian Professional<\/strong> Twisted Elastic Cleanser<\/a><\/p><p class=\"blz-product-description\">Shampoo para cabelos cacheados e ondulados. Para manter cachos soltos, adicionando elasticidade aos fios.<\/p><div class=\"blz-product-rank product-rating\" ><span class=\"rating\"><i class='spr spr-star-full'><\/i><i class='spr spr-star-full'><\/i><i class='spr spr-star-full'><\/i><i class='spr spr-star-full'><\/i><i class='spr spr-star-half'><\/i><\/span><\/div><div class=\"product-price-holder\"><div class=\"price-holder\" ><span class=\"item-price-max\">R$ 399,00<\/span><span class=\"item-price-value\">R$ 329,00<\/span><p class=\"item-price-installments\"><span class=\"price-installments\">4x <\/span> R$ 82,25<\/p><\/div><\/div><a  href=\"https:\/\/www.belezanaweb.com.br\/sacola?skus=62196:6744c7b18061ac0995cf832a&from=loucas\"  class=\"js-add-to-cart-loucas\"   data-sku='[{\"sku\":\"62196\",\"price\":329,\"brand\":\"sebastian-professional\",\"name\":\"Shampoo Sebastian Professional Twisted Elastic Cleanser\",\"category\":\"cabelos\/shampoo\",\"seller\":{\"id\":\"6744c7b18061ac0995cf832a\",\"name\":\"Manu Cosmeticos\",\"tag\":\"MANU_COSMETICOS\"}}]'\n        data-interaction='{\"category\":\"blzstore:blog:loucas-por-beleza\",\"action\":\"Button-Click\",\"label\":\"Product replacement\",\"values\":\"sku:62196\"}'><span class=\"btn-block blz-product-btn\" >\n        <i class=\"spr spr-bag-white\"><\/i> Compre <\/span><\/a><\/div><\/div><\/div>\n<h3>S.O.S Restaura\u00e7\u00e3o<\/h3>\n<p>Foi aprovada no teste de mechas? Antes de correr para o sal\u00e3o de beleza e j\u00e1 pedir a mudan\u00e7a, voc\u00ea deve garantir que o seu cabelo esteja o mais saud\u00e1vel poss\u00edvel.\u201cAposte em tratamentos antes e depois do procedimento para nutrir a fibra. O ideal \u00e9 que, al\u00e9m de fazer uma reconstru\u00e7\u00e3o, voc\u00ea tamb\u00e9m siga um cronograma capilar\u201d, afirma.<\/p>\n<p><img width=\"670\" height=\"714\" loading=\"lazy\" decoding=\"async\" class=\"alignnone wp-post-46843 wp-image-46865\" src=\"https:\/\/res.cloudinary.com\/beleza-na-web\/images\/w_670,h_714\/f_auto,q_auto\/v1570656811\/loucas-por-beleza\/como-preparar-o-cabelo-cacheado-para-a-descoloracao\/imagem-como-preparar-o-cabelo-cacheado-para-a-descoloracao_2\/imagem-como-preparar-o-cabelo-cacheado-para-a-descoloracao_2.jpg?_i=AA\" data-public-id=\"loucas-por-beleza\/como-preparar-o-cabelo-cacheado-para-a-descoloracao\/imagem-como-preparar-o-cabelo-cacheado-para-a-descoloracao_2.jpg\" data-format=\"jpg\" data-transformations=\"f_auto,q_auto\" data-version=\"1570656811\" \/><\/p>\n<div class=\"showcase-gondola\"><div class=\"blz-product-block\" data-event='{\"sku\":\"62464\",\"price\":394.6,\"brand\":\"wella-professionals\",\"name\":\" Kit Wella Professionals Cronograma Capilar\",\"category\":\"cabelos\/kits-de-tratamento\", \"listTitle\":\"blog\",\"showcasePosition\":1,\"showcaseTitle\":\"produtos_relacionados_blog\"}'><a class=\"blz-product-link js-event-product-click\"  href=\"https:\/\/www.belezanaweb.com.br\/kit-wella-professionals-cronograma-capilar-antiquebra-3-produtos?from=loucas\" onclick=\"javascript:Native.click('https:\/\/www.belezanaweb.com.br\/kit-wella-professionals-cronograma-capilar-antiquebra-3-produtos')\"><img decoding=\"async\" loading=\"lazy\" class=\"blz-product-pic lazyload\" src=\"data:image\/gif;base64,R0lGODlhAQABAIAAAAAAAP\/\/\/yH5BAEAAAAALAAAAAABAAEAAAIBRAA7\" data-src=\"https:\/\/res.cloudinary.com\/beleza-na-web\/image\/upload\/w_297,f_auto,fl_progressive,q_auto:best\/v1\/imagens\/products\/62464\/62464.png\" alt=\" Kit Wella Professionals Cronograma Capilar\" width=\"297\" \/><\/a><div class=\"blz-product-details\" ><p class=\"blz-product-block-title\" ><a class=\"blz-product-link js-event-product-click\"  href=\"https:\/\/www.belezanaweb.com.br\/kit-wella-professionals-cronograma-capilar-antiquebra-3-produtos?from=loucas\" onclick=\"javascript:Native.click('https:\/\/www.belezanaweb.com.br\/kit-wella-professionals-cronograma-capilar-antiquebra-3-produtos')\"> Kit <strong>Wella Professionals<\/strong> Cronograma Capilar<\/a><\/p><p class=\"blz-product-description\">Kit de cronograma capilar para todos os tipos de cabelo, principalmente quebradi\u00e7os. Repara toda a fibra.<\/p><div class=\"blz-product-rank product-rating\" ><span class=\"rating\"><i class='spr spr-star-full'><\/i><i class='spr spr-star-full'><\/i><i class='spr spr-star-full'><\/i><i class='spr spr-star-full'><\/i><i class='spr spr-star-half'><\/i><\/span><\/div><div class=\"product-price-holder\"><div class=\"price-holder\" ><span class=\"item-price-max\">R$ 591,90<\/span><span class=\"item-price-value\">R$ 394,60<\/span><p class=\"item-price-installments\"><span class=\"price-installments\">5x <\/span> R$ 78,92<\/p><\/div><\/div><a  href=\"https:\/\/www.belezanaweb.com.br\/sacola?skus=62464:656f3b7773ad4c48b3ab1e7c&from=loucas\"  class=\"js-add-to-cart-loucas\"   data-sku='[{\"sku\":\"62464\",\"price\":394.6,\"brand\":\"wella-professionals\",\"name\":\" Kit Wella Professionals Cronograma Capilar\",\"category\":\"cabelos\/kits-de-tratamento\",\"seller\":{\"id\":\"656f3b7773ad4c48b3ab1e7c\",\"name\":\"You na Web\",\"tag\":\"YOU_NA_WEB\"}}]'\n        data-interaction='{\"category\":\"blzstore:blog:loucas-por-beleza\",\"action\":\"Button-Click\",\"label\":\"Product replacement\",\"values\":\"sku:62464\"}'><span class=\"btn-block blz-product-btn\" >\n        <i class=\"spr spr-bag-white\"><\/i> Compre <\/span><\/a><\/div><\/div><\/div>\n<h3>Ative-me<\/h3>\n<p>Segundo Dougllas Dias, para manter a defini\u00e7\u00e3o perfeita do cabelo cacheado \u00e9 necess\u00e1rio utilizar ativadores de cachos. Torcer os fios no formato ondulado natural ou amass\u00e1-los durante a aplica\u00e7\u00e3o ajuda a obter ainda mais defini\u00e7\u00e3o e volume.<\/p>\n<p><img width=\"670\" height=\"714\" data-public-id=\"loucas-por-beleza\/como-preparar-o-cabelo-cacheado-para-a-descoloracao\/imagem-como-preparar-o-cabelo-cacheado-para-a-descoloracao_3.jpg\" loading=\"lazy\" decoding=\"async\" class=\"alignnone wp-post-46843 wp-image-46866\" src=\"https:\/\/res.cloudinary.com\/beleza-na-web\/images\/w_670,h_714\/f_auto,q_auto\/v1570656811\/loucas-por-beleza\/como-preparar-o-cabelo-cacheado-para-a-descoloracao\/imagem-como-preparar-o-cabelo-cacheado-para-a-descoloracao_3\/imagem-como-preparar-o-cabelo-cacheado-para-a-descoloracao_3.jpg?_i=AA\" data-format=\"jpg\" data-transformations=\"f_auto,q_auto\" data-version=\"1570656811\" data-size=\"670 714\" data-delivery=\"upload\" onload=\";window.CLDBind?CLDBind(this):null;\" data-cloudinary=\"lazy\" \/><\/p>\n<div class=\"showcase-gondola\"><div class=\"blz-product-block\" data-event='{\"sku\":\"62201\",\"price\":140.9,\"brand\":\"sebastian-professional\",\"name\":\"Creme Modelador Sebastian Professional Twisted Curl Magnifier Styling \",\"category\":\"cabelos\/modelador\", \"listTitle\":\"blog\",\"showcasePosition\":1,\"showcaseTitle\":\"produtos_relacionados_blog\"}'><a class=\"blz-product-link js-event-product-click\"  href=\"https:\/\/www.belezanaweb.com.br\/sebastian-professional-twisted-curl-magnifier-styling-creme-modelador-145ml?from=loucas\" onclick=\"javascript:Native.click('https:\/\/www.belezanaweb.com.br\/sebastian-professional-twisted-curl-magnifier-styling-creme-modelador-145ml')\"><img decoding=\"async\" loading=\"lazy\" class=\"blz-product-pic lazyload\" src=\"data:image\/gif;base64,R0lGODlhAQABAIAAAAAAAP\/\/\/yH5BAEAAAAALAAAAAABAAEAAAIBRAA7\" data-src=\"https:\/\/res.cloudinary.com\/beleza-na-web\/image\/upload\/w_297,f_auto,fl_progressive,q_auto:best\/v1\/imagens\/product\/62201\/77e53d70-2e21-4e2d-9fc4-d71977349d9a-sebastian-curly-twisted-elastic-creme-145ml.png\" alt=\"Creme Modelador Sebastian Professional Twisted Curl Magnifier Styling \" width=\"297\" \/><\/a><div class=\"blz-product-details\" ><p class=\"blz-product-block-title\" ><a class=\"blz-product-link js-event-product-click\"  href=\"https:\/\/www.belezanaweb.com.br\/sebastian-professional-twisted-curl-magnifier-styling-creme-modelador-145ml?from=loucas\" onclick=\"javascript:Native.click('https:\/\/www.belezanaweb.com.br\/sebastian-professional-twisted-curl-magnifier-styling-creme-modelador-145ml')\">Creme Modelador <strong>Sebastian Professional<\/strong> Twisted Curl Magnifier Styling <\/a><\/p><p class=\"blz-product-description\">Creme modelador para cabelos cacheados e ondulados. Define e combate o frizz com aspecto natural.<\/p><div class=\"blz-product-rank product-rating\" ><span class=\"rating\"><i class='spr spr-star-full'><\/i><i class='spr spr-star-full'><\/i><i class='spr spr-star-full'><\/i><i class='spr spr-star-full'><\/i><i class='spr spr-star-half'><\/i><\/span><\/div><a  href=\"https:\/\/www.belezanaweb.com.br\/sebastian-professional-twisted-curl-magnifier-styling-creme-modelador-145ml?notifyMe\"  class=\"no-decoration\" data-interaction='{\"category\":\"blzstore:blog:loucas-por-beleza\",\"action\":\"Button-Click\",\"label\":\"Product replacement\",\"values\":\"sku:62201\"}'>\n      <span class=\"btn btn-block blz-product-btn btn-outline-secondary blz-product-btn-disable\">\n      Avise-me <i>quando chegar<\/i>  <\/span><\/a><\/div><\/div><\/div>\n","protected":false},"excerpt":{"rendered":"<p>Confira algumas dicas para ficar loira sem perder a forma dos cachos<\/p>\n","protected":false},"author":294,"featured_media":46867,"comment_status":"closed","ping_status":"closed","sticky":false,"template":"","format":"standard","meta":{"_cloudinary_featured_overwrite":false,"footnotes":""},"categories":[1],"tags":[5712,5718,5723],"class_list":["post-46843","post","type-post","status-publish","format-standard","has-post-thumbnail","hentry","category-beleza","tag-cabelos","tag-cabelos-cacheados-ou-ondulados","tag-cabelos-crespos"],"yoast_head":"<!-- This site is optimized with the Yoast SEO Premium plugin v27.0 (Yoast SEO v27.4) - https:\/\/yoast.com\/product\/yoast-seo-premium-wordpress\/ -->\n<title>Como preparar o cabelo cacheado para a descolora\u00e7\u00e3o - Beleza na Web<\/title>\n<meta name=\"description\" content=\"Confira algumas dicas para ficar loira sem perder a forma dos cachos\" \/>\n<meta name=\"robots\" content=\"index, follow, max-snippet:-1, max-image-preview:large, max-video-preview:-1\" \/>\n<link rel=\"canonical\" href=\"https:\/\/www.belezanaweb.com.br\/loucas-por-beleza\/como-preparar-o-cabelo-cacheado-para-a-descoloracao\/\" \/>\n<meta property=\"og:locale\" content=\"pt_BR\" \/>\n<meta property=\"og:type\" content=\"article\" \/>\n<meta property=\"og:title\" content=\"Como preparar o cabelo cacheado para a descolora\u00e7\u00e3o\" \/>\n<meta property=\"og:description\" content=\"Confira algumas dicas para ficar loira sem perder a forma dos cachos\" \/>\n<meta property=\"og:url\" content=\"https:\/\/www.belezanaweb.com.br\/loucas-por-beleza\/como-preparar-o-cabelo-cacheado-para-a-descoloracao\/\" \/>\n<meta property=\"og:site_name\" content=\"Beleza na Web\" \/>\n<meta property=\"article:publisher\" content=\"https:\/\/www.facebook.com\/belezanaweb\" \/>\n<meta property=\"article:published_time\" content=\"2019-10-09T12:30:27+00:00\" \/>\n<meta property=\"article:modified_time\" content=\"2023-01-26T21:28:43+00:00\" \/>\n<meta property=\"og:image\" content=\"https:\/\/res.cloudinary.com\/beleza-na-web\/image\/upload\/f_auto,fl_progressive,q_auto:eco\/loucas\/wordpress\/prod\/sites\/1\/2020\/12\/04144555\/banner-como-preparar-o-cabelo-cacheado-para-a-descoloracao.jpg\" \/>\n\t<meta property=\"og:image:width\" content=\"980\" \/>\n\t<meta property=\"og:image:height\" content=\"445\" \/>\n\t<meta property=\"og:image:type\" content=\"image\/jpeg\" \/>\n<meta name=\"author\" content=\"Dougllas Dias\" \/>\n<meta name=\"twitter:card\" content=\"summary_large_image\" \/>\n<meta name=\"twitter:label1\" content=\"Escrito por\" \/>\n\t<meta name=\"twitter:data1\" content=\"Dougllas Dias\" \/>\n\t<meta name=\"twitter:label2\" content=\"Est. tempo de leitura\" \/>\n\t<meta name=\"twitter:data2\" content=\"2 minutos\" \/>\n<script type=\"application\/ld+json\" class=\"yoast-schema-graph\">{\"@context\":\"https:\\\/\\\/schema.org\",\"@graph\":[{\"@type\":\"NewsArticle\",\"@id\":\"https:\\\/\\\/www.belezanaweb.com.br\\\/loucas-por-beleza\\\/como-preparar-o-cabelo-cacheado-para-a-descoloracao\\\/#article\",\"isPartOf\":{\"@id\":\"https:\\\/\\\/www.belezanaweb.com.br\\\/loucas-por-beleza\\\/como-preparar-o-cabelo-cacheado-para-a-descoloracao\\\/\"},\"author\":{\"name\":\"Dougllas Dias\",\"@id\":\"https:\\\/\\\/www.belezanaweb.com.br\\\/loucas-por-beleza\\\/#\\\/schema\\\/person\\\/1721cf629c3c4b1d051881ec75218562\"},\"headline\":\"Como preparar o cabelo cacheado para a descolora\u00e7\u00e3o\",\"datePublished\":\"2019-10-09T12:30:27+00:00\",\"dateModified\":\"2023-01-26T21:28:43+00:00\",\"mainEntityOfPage\":{\"@id\":\"https:\\\/\\\/www.belezanaweb.com.br\\\/loucas-por-beleza\\\/como-preparar-o-cabelo-cacheado-para-a-descoloracao\\\/\"},\"wordCount\":320,\"publisher\":{\"@id\":\"https:\\\/\\\/www.belezanaweb.com.br\\\/loucas-por-beleza\\\/#organization\"},\"image\":{\"@id\":\"https:\\\/\\\/www.belezanaweb.com.br\\\/loucas-por-beleza\\\/como-preparar-o-cabelo-cacheado-para-a-descoloracao\\\/#primaryimage\"},\"thumbnailUrl\":\"https:\\\/\\\/res.cloudinary.com\\\/beleza-na-web\\\/image\\\/upload\\\/f_auto,fl_progressive,q_auto:eco\\\/loucas\\\/wordpress\\\/prod\\\/sites\\\/1\\\/2020\\\/12\\\/banner-como-preparar-o-cabelo-cacheado-para-a-descoloracao.jpg\",\"keywords\":[\"cabelos\",\"cabelos cacheados ou ondulados\",\"cabelos crespos\"],\"articleSection\":[\"Beleza\"],\"inLanguage\":\"pt-BR\",\"copyrightYear\":\"2019\",\"copyrightHolder\":{\"@id\":\"https:\\\/\\\/loucas-prod.blzlocal.com.br\\\/site\\\/#organization\"}},{\"@type\":\"WebPage\",\"@id\":\"https:\\\/\\\/www.belezanaweb.com.br\\\/loucas-por-beleza\\\/como-preparar-o-cabelo-cacheado-para-a-descoloracao\\\/\",\"url\":\"https:\\\/\\\/www.belezanaweb.com.br\\\/loucas-por-beleza\\\/como-preparar-o-cabelo-cacheado-para-a-descoloracao\\\/\",\"name\":\"Como preparar o cabelo cacheado para a descolora\u00e7\u00e3o - Beleza na Web\",\"isPartOf\":{\"@id\":\"https:\\\/\\\/www.belezanaweb.com.br\\\/loucas-por-beleza\\\/#website\"},\"primaryImageOfPage\":{\"@id\":\"https:\\\/\\\/www.belezanaweb.com.br\\\/loucas-por-beleza\\\/como-preparar-o-cabelo-cacheado-para-a-descoloracao\\\/#primaryimage\"},\"image\":{\"@id\":\"https:\\\/\\\/www.belezanaweb.com.br\\\/loucas-por-beleza\\\/como-preparar-o-cabelo-cacheado-para-a-descoloracao\\\/#primaryimage\"},\"thumbnailUrl\":\"https:\\\/\\\/res.cloudinary.com\\\/beleza-na-web\\\/image\\\/upload\\\/f_auto,fl_progressive,q_auto:eco\\\/loucas\\\/wordpress\\\/prod\\\/sites\\\/1\\\/2020\\\/12\\\/banner-como-preparar-o-cabelo-cacheado-para-a-descoloracao.jpg\",\"datePublished\":\"2019-10-09T12:30:27+00:00\",\"dateModified\":\"2023-01-26T21:28:43+00:00\",\"description\":\"Confira algumas dicas para ficar loira sem perder a forma dos cachos\",\"breadcrumb\":{\"@id\":\"https:\\\/\\\/www.belezanaweb.com.br\\\/loucas-por-beleza\\\/como-preparar-o-cabelo-cacheado-para-a-descoloracao\\\/#breadcrumb\"},\"inLanguage\":\"pt-BR\",\"potentialAction\":[{\"@type\":\"ReadAction\",\"target\":[\"https:\\\/\\\/www.belezanaweb.com.br\\\/loucas-por-beleza\\\/como-preparar-o-cabelo-cacheado-para-a-descoloracao\\\/\"]}]},{\"@type\":\"ImageObject\",\"inLanguage\":\"pt-BR\",\"@id\":\"https:\\\/\\\/www.belezanaweb.com.br\\\/loucas-por-beleza\\\/como-preparar-o-cabelo-cacheado-para-a-descoloracao\\\/#primaryimage\",\"url\":\"https:\\\/\\\/res.cloudinary.com\\\/beleza-na-web\\\/image\\\/upload\\\/f_auto,fl_progressive,q_auto:eco\\\/loucas\\\/wordpress\\\/prod\\\/sites\\\/1\\\/2020\\\/12\\\/banner-como-preparar-o-cabelo-cacheado-para-a-descoloracao.jpg\",\"contentUrl\":\"https:\\\/\\\/res.cloudinary.com\\\/beleza-na-web\\\/image\\\/upload\\\/f_auto,fl_progressive,q_auto:eco\\\/loucas\\\/wordpress\\\/prod\\\/sites\\\/1\\\/2020\\\/12\\\/banner-como-preparar-o-cabelo-cacheado-para-a-descoloracao.jpg\",\"width\":980,\"height\":445},{\"@type\":\"BreadcrumbList\",\"@id\":\"https:\\\/\\\/www.belezanaweb.com.br\\\/loucas-por-beleza\\\/como-preparar-o-cabelo-cacheado-para-a-descoloracao\\\/#breadcrumb\",\"itemListElement\":[{\"@type\":\"ListItem\",\"position\":1,\"name\":\"In\u00edcio\",\"item\":\"https:\\\/\\\/www.belezanaweb.com.br\\\/loucas-por-beleza\\\/\"},{\"@type\":\"ListItem\",\"position\":2,\"name\":\"Como preparar o cabelo cacheado para a descolora\u00e7\u00e3o\"}]},{\"@type\":\"WebSite\",\"@id\":\"https:\\\/\\\/www.belezanaweb.com.br\\\/loucas-por-beleza\\\/#website\",\"url\":\"https:\\\/\\\/www.belezanaweb.com.br\\\/loucas-por-beleza\\\/\",\"name\":\"Beleza na Web\",\"description\":\"Loucas por Beleza \u00e9 o portal de conte\u00fado da Beleza na Web e traz guias, not\u00edcias e dicas dos experts sobre cabelo, maquiagem, perfumes e mais!\",\"publisher\":{\"@id\":\"https:\\\/\\\/www.belezanaweb.com.br\\\/loucas-por-beleza\\\/#organization\"},\"potentialAction\":[{\"@type\":\"SearchAction\",\"target\":{\"@type\":\"EntryPoint\",\"urlTemplate\":\"https:\\\/\\\/www.belezanaweb.com.br\\\/loucas-por-beleza\\\/?s={search_term_string}\"},\"query-input\":{\"@type\":\"PropertyValueSpecification\",\"valueRequired\":true,\"valueName\":\"search_term_string\"}}],\"inLanguage\":\"pt-BR\"},{\"@type\":\"Organization\",\"@id\":\"https:\\\/\\\/www.belezanaweb.com.br\\\/loucas-por-beleza\\\/#organization\",\"name\":\"Loucas por Beleza\",\"url\":\"https:\\\/\\\/www.belezanaweb.com.br\\\/loucas-por-beleza\\\/\",\"logo\":{\"@type\":\"ImageObject\",\"inLanguage\":\"pt-BR\",\"@id\":\"https:\\\/\\\/www.belezanaweb.com.br\\\/loucas-por-beleza\\\/#\\\/schema\\\/logo\\\/image\\\/\",\"url\":\"https:\\\/\\\/loucas.belezanaweb.com.br\\\/content\\\/uploads\\\/sites\\\/1\\\/2016\\\/08\\\/logo-loucas-por-beleza.png\",\"contentUrl\":\"https:\\\/\\\/loucas.belezanaweb.com.br\\\/content\\\/uploads\\\/sites\\\/1\\\/2016\\\/08\\\/logo-loucas-por-beleza.png\",\"width\":1000,\"height\":1000,\"caption\":\"Loucas por Beleza\"},\"image\":{\"@id\":\"https:\\\/\\\/www.belezanaweb.com.br\\\/loucas-por-beleza\\\/#\\\/schema\\\/logo\\\/image\\\/\"},\"sameAs\":[\"https:\\\/\\\/www.facebook.com\\\/belezanaweb\",\"https:\\\/\\\/www.tiktok.com\\\/@belezanaweb\"]},{\"@type\":\"Person\",\"@id\":\"https:\\\/\\\/www.belezanaweb.com.br\\\/loucas-por-beleza\\\/#\\\/schema\\\/person\\\/1721cf629c3c4b1d051881ec75218562\",\"name\":\"Dougllas Dias\",\"image\":{\"@type\":\"ImageObject\",\"inLanguage\":\"pt-BR\",\"@id\":\"https:\\\/\\\/secure.gravatar.com\\\/avatar\\\/3c008710b551dcb69914091ddb8119d5ddd2ab56e895045682116b4c6ce204f3?s=96&d=blank&r=g\",\"url\":\"https:\\\/\\\/secure.gravatar.com\\\/avatar\\\/3c008710b551dcb69914091ddb8119d5ddd2ab56e895045682116b4c6ce204f3?s=96&d=blank&r=g\",\"contentUrl\":\"https:\\\/\\\/secure.gravatar.com\\\/avatar\\\/3c008710b551dcb69914091ddb8119d5ddd2ab56e895045682116b4c6ce204f3?s=96&d=blank&r=g\",\"caption\":\"Dougllas Dias\"},\"description\":\"O cabeleireiro do The Art Salon \u00e9 especialista em reflexo, luzes, colora\u00e7\u00f5es, corte e \u00e9 embaixador Wella Professionals\",\"sameAs\":[\"https:\\\/\\\/www.instagram.com\\\/dougllas\\\/\"],\"url\":\"https:\\\/\\\/www.belezanaweb.com.br\\\/loucas-por-beleza\\\/experts\\\/douglas-dias\\\/\"}]}<\/script>\n<!-- \/ Yoast SEO Premium plugin. -->","yoast_head_json":{"title":"Como preparar o cabelo cacheado para a descolora\u00e7\u00e3o - Beleza na Web","description":"Confira algumas dicas para ficar loira sem perder a forma dos cachos","robots":{"index":"index","follow":"follow","max-snippet":"max-snippet:-1","max-image-preview":"max-image-preview:large","max-video-preview":"max-video-preview:-1"},"canonical":"https:\/\/www.belezanaweb.com.br\/loucas-por-beleza\/como-preparar-o-cabelo-cacheado-para-a-descoloracao\/","og_locale":"pt_BR","og_type":"article","og_title":"Como preparar o cabelo cacheado para a descolora\u00e7\u00e3o","og_description":"Confira algumas dicas para ficar loira sem perder a forma dos cachos","og_url":"https:\/\/www.belezanaweb.com.br\/loucas-por-beleza\/como-preparar-o-cabelo-cacheado-para-a-descoloracao\/","og_site_name":"Beleza na Web","article_publisher":"https:\/\/www.facebook.com\/belezanaweb","article_published_time":"2019-10-09T12:30:27+00:00","article_modified_time":"2023-01-26T21:28:43+00:00","og_image":[{"width":980,"height":445,"url":"https:\/\/res.cloudinary.com\/beleza-na-web\/image\/upload\/f_auto,fl_progressive,q_auto:eco\/loucas\/wordpress\/prod\/sites\/1\/2020\/12\/04144555\/banner-como-preparar-o-cabelo-cacheado-para-a-descoloracao.jpg","type":"image\/jpeg"}],"author":"Dougllas Dias","twitter_card":"summary_large_image","twitter_misc":{"Escrito por":"Dougllas Dias","Est. tempo de leitura":"2 minutos"},"schema":{"@context":"https:\/\/schema.org","@graph":[{"@type":"NewsArticle","@id":"https:\/\/www.belezanaweb.com.br\/loucas-por-beleza\/como-preparar-o-cabelo-cacheado-para-a-descoloracao\/#article","isPartOf":{"@id":"https:\/\/www.belezanaweb.com.br\/loucas-por-beleza\/como-preparar-o-cabelo-cacheado-para-a-descoloracao\/"},"author":{"name":"Dougllas Dias","@id":"https:\/\/www.belezanaweb.com.br\/loucas-por-beleza\/#\/schema\/person\/1721cf629c3c4b1d051881ec75218562"},"headline":"Como preparar o cabelo cacheado para a descolora\u00e7\u00e3o","datePublished":"2019-10-09T12:30:27+00:00","dateModified":"2023-01-26T21:28:43+00:00","mainEntityOfPage":{"@id":"https:\/\/www.belezanaweb.com.br\/loucas-por-beleza\/como-preparar-o-cabelo-cacheado-para-a-descoloracao\/"},"wordCount":320,"publisher":{"@id":"https:\/\/www.belezanaweb.com.br\/loucas-por-beleza\/#organization"},"image":{"@id":"https:\/\/www.belezanaweb.com.br\/loucas-por-beleza\/como-preparar-o-cabelo-cacheado-para-a-descoloracao\/#primaryimage"},"thumbnailUrl":"https:\/\/res.cloudinary.com\/beleza-na-web\/image\/upload\/f_auto,fl_progressive,q_auto:eco\/loucas\/wordpress\/prod\/sites\/1\/2020\/12\/banner-como-preparar-o-cabelo-cacheado-para-a-descoloracao.jpg","keywords":["cabelos","cabelos cacheados ou ondulados","cabelos crespos"],"articleSection":["Beleza"],"inLanguage":"pt-BR","copyrightYear":"2019","copyrightHolder":{"@id":"https:\/\/loucas-prod.blzlocal.com.br\/site\/#organization"}},{"@type":"WebPage","@id":"https:\/\/www.belezanaweb.com.br\/loucas-por-beleza\/como-preparar-o-cabelo-cacheado-para-a-descoloracao\/","url":"https:\/\/www.belezanaweb.com.br\/loucas-por-beleza\/como-preparar-o-cabelo-cacheado-para-a-descoloracao\/","name":"Como preparar o cabelo cacheado para a descolora\u00e7\u00e3o - Beleza na Web","isPartOf":{"@id":"https:\/\/www.belezanaweb.com.br\/loucas-por-beleza\/#website"},"primaryImageOfPage":{"@id":"https:\/\/www.belezanaweb.com.br\/loucas-por-beleza\/como-preparar-o-cabelo-cacheado-para-a-descoloracao\/#primaryimage"},"image":{"@id":"https:\/\/www.belezanaweb.com.br\/loucas-por-beleza\/como-preparar-o-cabelo-cacheado-para-a-descoloracao\/#primaryimage"},"thumbnailUrl":"https:\/\/res.cloudinary.com\/beleza-na-web\/image\/upload\/f_auto,fl_progressive,q_auto:eco\/loucas\/wordpress\/prod\/sites\/1\/2020\/12\/banner-como-preparar-o-cabelo-cacheado-para-a-descoloracao.jpg","datePublished":"2019-10-09T12:30:27+00:00","dateModified":"2023-01-26T21:28:43+00:00","description":"Confira algumas dicas para ficar loira sem perder a forma dos cachos","breadcrumb":{"@id":"https:\/\/www.belezanaweb.com.br\/loucas-por-beleza\/como-preparar-o-cabelo-cacheado-para-a-descoloracao\/#breadcrumb"},"inLanguage":"pt-BR","potentialAction":[{"@type":"ReadAction","target":["https:\/\/www.belezanaweb.com.br\/loucas-por-beleza\/como-preparar-o-cabelo-cacheado-para-a-descoloracao\/"]}]},{"@type":"ImageObject","inLanguage":"pt-BR","@id":"https:\/\/www.belezanaweb.com.br\/loucas-por-beleza\/como-preparar-o-cabelo-cacheado-para-a-descoloracao\/#primaryimage","url":"https:\/\/res.cloudinary.com\/beleza-na-web\/image\/upload\/f_auto,fl_progressive,q_auto:eco\/loucas\/wordpress\/prod\/sites\/1\/2020\/12\/banner-como-preparar-o-cabelo-cacheado-para-a-descoloracao.jpg","contentUrl":"https:\/\/res.cloudinary.com\/beleza-na-web\/image\/upload\/f_auto,fl_progressive,q_auto:eco\/loucas\/wordpress\/prod\/sites\/1\/2020\/12\/banner-como-preparar-o-cabelo-cacheado-para-a-descoloracao.jpg","width":980,"height":445},{"@type":"BreadcrumbList","@id":"https:\/\/www.belezanaweb.com.br\/loucas-por-beleza\/como-preparar-o-cabelo-cacheado-para-a-descoloracao\/#breadcrumb","itemListElement":[{"@type":"ListItem","position":1,"name":"In\u00edcio","item":"https:\/\/www.belezanaweb.com.br\/loucas-por-beleza\/"},{"@type":"ListItem","position":2,"name":"Como preparar o cabelo cacheado para a descolora\u00e7\u00e3o"}]},{"@type":"WebSite","@id":"https:\/\/www.belezanaweb.com.br\/loucas-por-beleza\/#website","url":"https:\/\/www.belezanaweb.com.br\/loucas-por-beleza\/","name":"Beleza na Web","description":"Loucas por Beleza \u00e9 o portal de conte\u00fado da Beleza na Web e traz guias, not\u00edcias e dicas dos experts sobre cabelo, maquiagem, perfumes e mais!","publisher":{"@id":"https:\/\/www.belezanaweb.com.br\/loucas-por-beleza\/#organization"},"potentialAction":[{"@type":"SearchAction","target":{"@type":"EntryPoint","urlTemplate":"https:\/\/www.belezanaweb.com.br\/loucas-por-beleza\/?s={search_term_string}"},"query-input":{"@type":"PropertyValueSpecification","valueRequired":true,"valueName":"search_term_string"}}],"inLanguage":"pt-BR"},{"@type":"Organization","@id":"https:\/\/www.belezanaweb.com.br\/loucas-por-beleza\/#organization","name":"Loucas por Beleza","url":"https:\/\/www.belezanaweb.com.br\/loucas-por-beleza\/","logo":{"@type":"ImageObject","inLanguage":"pt-BR","@id":"https:\/\/www.belezanaweb.com.br\/loucas-por-beleza\/#\/schema\/logo\/image\/","url":"https:\/\/loucas.belezanaweb.com.br\/content\/uploads\/sites\/1\/2016\/08\/logo-loucas-por-beleza.png","contentUrl":"https:\/\/loucas.belezanaweb.com.br\/content\/uploads\/sites\/1\/2016\/08\/logo-loucas-por-beleza.png","width":1000,"height":1000,"caption":"Loucas por Beleza"},"image":{"@id":"https:\/\/www.belezanaweb.com.br\/loucas-por-beleza\/#\/schema\/logo\/image\/"},"sameAs":["https:\/\/www.facebook.com\/belezanaweb","https:\/\/www.tiktok.com\/@belezanaweb"]},{"@type":"Person","@id":"https:\/\/www.belezanaweb.com.br\/loucas-por-beleza\/#\/schema\/person\/1721cf629c3c4b1d051881ec75218562","name":"Dougllas Dias","image":{"@type":"ImageObject","inLanguage":"pt-BR","@id":"https:\/\/secure.gravatar.com\/avatar\/3c008710b551dcb69914091ddb8119d5ddd2ab56e895045682116b4c6ce204f3?s=96&d=blank&r=g","url":"https:\/\/secure.gravatar.com\/avatar\/3c008710b551dcb69914091ddb8119d5ddd2ab56e895045682116b4c6ce204f3?s=96&d=blank&r=g","contentUrl":"https:\/\/secure.gravatar.com\/avatar\/3c008710b551dcb69914091ddb8119d5ddd2ab56e895045682116b4c6ce204f3?s=96&d=blank&r=g","caption":"Dougllas Dias"},"description":"O cabeleireiro do The Art Salon \u00e9 especialista em reflexo, luzes, colora\u00e7\u00f5es, corte e \u00e9 embaixador Wella Professionals","sameAs":["https:\/\/www.instagram.com\/dougllas\/"],"url":"https:\/\/www.belezanaweb.com.br\/loucas-por-beleza\/experts\/douglas-dias\/"}]}},"_links":{"self":[{"href":"https:\/\/loucas.belezanaweb.com.br\/wp-json\/wp\/v2\/posts\/46843","targetHints":{"allow":["GET"]}}],"collection":[{"href":"https:\/\/loucas.belezanaweb.com.br\/wp-json\/wp\/v2\/posts"}],"about":[{"href":"https:\/\/loucas.belezanaweb.com.br\/wp-json\/wp\/v2\/types\/post"}],"author":[{"embeddable":true,"href":"https:\/\/loucas.belezanaweb.com.br\/wp-json\/wp\/v2\/users\/294"}],"replies":[{"embeddable":true,"href":"https:\/\/loucas.belezanaweb.com.br\/wp-json\/wp\/v2\/comments?post=46843"}],"version-history":[{"count":3,"href":"https:\/\/loucas.belezanaweb.com.br\/wp-json\/wp\/v2\/posts\/46843\/revisions"}],"predecessor-version":[{"id":46868,"href":"https:\/\/loucas.belezanaweb.com.br\/wp-json\/wp\/v2\/posts\/46843\/revisions\/46868"}],"wp:featuredmedia":[{"embeddable":true,"href":"https:\/\/loucas.belezanaweb.com.br\/wp-json\/wp\/v2\/media\/46867"}],"wp:attachment":[{"href":"https:\/\/loucas.belezanaweb.com.br\/wp-json\/wp\/v2\/media?parent=46843"}],"wp:term":[{"taxonomy":"category","embeddable":true,"href":"https:\/\/loucas.belezanaweb.com.br\/wp-json\/wp\/v2\/categories?post=46843"},{"taxonomy":"post_tag","embeddable":true,"href":"https:\/\/loucas.belezanaweb.com.br\/wp-json\/wp\/v2\/tags?post=46843"}],"curies":[{"name":"wp","href":"https:\/\/api.w.org\/{rel}","templated":true}]}}